[{"@context":"https:\/\/schema.org\/","@type":"Article","@id":"https:\/\/www.dnh.sk\/co-v-zime-na-hlavu\/#Article","mainEntityOfPage":"https:\/\/www.dnh.sk\/co-v-zime-na-hlavu\/","headline":"\u010co v zime na hlavu?","name":"\u010co v zime na hlavu?","description":"Chladn\u00e9 a vetern\u00e9 dni si doslova p\u00fdtaj\u00fa tepl\u00e9 oble\u010denie a nevyhnutn\u00e1 je aj prikr\u00fdvka hlavy, teda nejak\u00e1 \u010diapka, \u0161\u00e1l a rukavice, tie s\u00fa pri teplot\u00e1ch pod nulou neocenite\u013en\u00e9. Na hlavu si m\u00f4\u017eeme da\u0165 okrem \u010diapky aj in\u00e9 alternat\u00edvne doplnky, napr\u00edklad dnes s\u00fa m\u00f3dne aj barety, \u010delenky alebo klob\u00faky. \u010ciapky T\u00e1to s\u00fa\u010das\u0165 zimn\u00e9ho oble\u010denia rokmi pre\u0161la...","datePublished":"2019-03-05","dateModified":"2023-04-28","author":{"@type":"Person","@id":"https:\/\/www.dnh.sk\/author\/#Person","name":"","url":"https:\/\/www.dnh.sk\/author\/","identifier":1,"image":{"@type":"ImageObject","@id":"https:\/\/secure.gravatar.com\/avatar\/e7b590144558ebad68292226b8af0772e2d53ba82fa105c348ae9b5254e51a11?s=96&d=mm&r=g","url":"https:\/\/secure.gravatar.com\/avatar\/e7b590144558ebad68292226b8af0772e2d53ba82fa105c348ae9b5254e51a11?s=96&d=mm&r=g","height":96,"width":96}},"publisher":{"@type":"Organization","name":"dnh.sk","logo":{"@type":"ImageObject","@id":"\/logo.png","url":"\/logo.png","width":600,"height":60}},"image":{"@type":"ImageObject","@id":"https:\/\/www.dnh.sk\/wp-content\/uploads\/img_a298192_w16615_t1553270079.jpg","url":"https:\/\/www.dnh.sk\/wp-content\/uploads\/img_a298192_w16615_t1553270079.jpg","height":0,"width":0},"url":"https:\/\/www.dnh.sk\/co-v-zime-na-hlavu\/","wordCount":433,"articleBody":"Chladn\u00e9 a vetern\u00e9 dni si doslova p\u00fdtaj\u00fa tepl\u00e9 oble\u010denie a nevyhnutn\u00e1 je aj prikr\u00fdvka hlavy, teda nejak\u00e1 \u010diapka, \u0161\u00e1l a rukavice, tie s\u00fa pri teplot\u00e1ch pod nulou neocenite\u013en\u00e9. Na hlavu si m\u00f4\u017eeme da\u0165 okrem \u010diapky aj in\u00e9 alternat\u00edvne doplnky, napr\u00edklad dnes s\u00fa m\u00f3dne aj barety, \u010delenky alebo klob\u00faky.\u010ciapky  T\u00e1to s\u00fa\u010das\u0165 zimn\u00e9ho oble\u010denia rokmi pre\u0161la zmenami a v posledn\u00fdch sez\u00f3nach s\u00fa na vrchole popularity \u010diapky hrub\u00e9 a ve\u013ek\u00e9. Pred\u013a\u017een\u00e9 a tenk\u00e9 u\u017e maj\u00fa svoju sl\u00e1vu za sebou, \u201ein\u201c budete v hrubej a pletenej, a \u00faplnou jednotkou je t\u00e1 s brmbolcom. M\u00f4\u017ee sa zda\u0165, \u017ee zimn\u00e9 doplnky je vhodn\u00e1 hlavne k \u0161portov\u00e9mu \u0161t\u00fdlu pri sp\u00fa\u0161\u0165an\u00ed sa zo svahu na ly\u017eiach, ale ve\u013emi dobre sa d\u00e1 skombinova\u0165 aj s kab\u00e1tom. To s\u00fa trendy pre \u017eeny, u mu\u017eov ved\u00fa st\u00e1le tenk\u00e9, bavlnen\u00e9 a hlavne jednoduch\u00e9 \u010diapky.\u010celenky  Alternat\u00edvou ku klasick\u00fdm \u010diapkam m\u00f4\u017eu by\u0165 \u010delenky. Vyu\u017eijete ich v \u010dase, ke\u010f je u\u017e teplej\u0161ie a tie\u017e vtedy, ak chcete n\u00e1js\u0165 vhodn\u00fd k\u00fasok k elegantnej\u0161\u00edm vysok\u00fdm \u010di\u017em\u00e1m. Tie najjednoduch\u0161ie s\u00fa najlep\u0161ou vo\u013ebou, m\u00f4\u017eu ma\u0165 vpredu mal\u00fd uzol a bez probl\u00e9mov sa hodia ku ka\u017ed\u00e9mu outfitu. V s\u00fa\u010dasnosti za\u017e\u00edvaj\u00fa ve\u013ek\u00fd boom a mo\u017enost\u00ed, ako a s \u010d\u00edm ich zladi\u0165, je mno\u017estvo. V\u00fdhodu maj\u00fa \u0161ikovn\u00e9 \u017eeny, ktor\u00e9 si ich vedia uplies\u0165 aj samy, alebo vyu\u017eij\u00fa ponuku handmade v\u00fdrobkov na internete.Baretky  Baretky bu\u010f na takzvan\u00fd rusk\u00fd alebo par\u00ed\u017esky \u0161t\u00fdl s\u00fa v tejto sez\u00f3ne na v\u00fdsln\u00ed. Dopl\u0148te svoj outfit extravagantnej\u0161ou baretkou a hne\u010f z\u00edskate luxusnej\u0161\u00ed vzh\u013ead. Menej v\u00fdrazn\u00e9 oble\u010denie dok\u00e1\u017ee kr\u00e1sne o\u017eivi\u0165, ale aj tento doplnok je d\u00f4le\u017eit\u00e9 vedie\u0165 nosi\u0165 a z\u00e1kladom je c\u00edti\u0165 sa v \u0148om sebaisto.Klob\u00faky Nielen v letnom obdob\u00ed s\u00fa klob\u00faky vhodn\u00fdm doplnkom proti slnku, ale aj v chladnej\u0161\u00edch d\u0148och ich vyu\u017eijete, ale musia by\u0165 vyroben\u00e9 z teplej\u0161\u00edch a hrub\u0161\u00edch materi\u00e1lov, ako je pls\u0165, vlnen\u00e9 l\u00e1tky a tie\u017e sa daj\u00fa uplies\u0165, ak ste zru\u010dn\u00e1 v ru\u010dn\u00fdch pr\u00e1cach, nebude to pre v\u00e1s probl\u00e9m. Jedin\u00e9 obmedzenie, kedy m\u00f4\u017ee by\u0165 s klob\u00fakom na hlave probl\u00e9m, je siln\u00fd vietor, aby ste ho nenah\u00e1\u0148ali po ceste, rad\u0161ej zvo\u013ete istej\u0161\u00ed variant vo forme spom\u00ednanej \u010diapky \u010di \u010delenky.                                                                                                                                                                                                                                                                                                                                                                                        3.7\/5 - (10 votes)        "},{"@context":"https:\/\/schema.org\/","@type":"BreadcrumbList","itemListElement":[{"@type":"ListItem","position":1,"name":"\u010co v zime na hlavu?","item":"https:\/\/www.dnh.sk\/co-v-zime-na-hlavu\/#breadcrumbitem"}]}]